{"dados":[{"ementa":"\u201cNOMEIA OS MEMBROS DO CONSELHO MUNICIPAL DE EDUCA\u00c7\u00c3O DO MUNIC\u00cdPIO DE SALTO DE PIRAPORA E REVOGA O DECRETO 7109\/2023\u201d","dataAtualizacao":"2026-03-26 10:01:38","dataInicioVigencia":null,"dataFimVigencia":null,"data":"2026-03-18","numero":7348,"categoria":"Decreto","situacao":null,"descricao":""},{"ementa":"\u201cDisp\u00f5e sobre o valor mensal do cart\u00e3o alimenta\u00e7\u00e3o e d\u00e1 outras provid\u00eancias.\u201d","dataAtualizacao":"2026-03-26 09:58:04","dataInicioVigencia":null,"dataFimVigencia":null,"data":"2026-03-17","numero":7347,"categoria":"Decreto","situacao":null,"descricao":""},{"ementa":"\u201cNOMEIA COMISS\u00c3O DE AVALIADORES PARA O LEIL\u00c3O N.\u00ba 001\/2026, DE BENS M\u00d3VEIS INSERV\u00cdVEIS E D\u00c1 OUTRAS PROVID\u00caNCIAS\u201d.","dataAtualizacao":"2026-03-25 16:26:15","dataInicioVigencia":null,"dataFimVigencia":null,"data":"2026-03-10","numero":7346,"categoria":"Decreto","situacao":null,"descricao":""},{"ementa":"\u201cDisp\u00f5e sobre abertura de Cr\u00e9dito Adicional Suplementar, e d\u00e1 outras providencias.\u201d","dataAtualizacao":"2026-03-25 16:20:11","dataInicioVigencia":null,"dataFimVigencia":null,"data":"2026-03-06","numero":7345,"categoria":"Decreto","situacao":null,"descricao":""},{"ementa":"\u201cNomeia funcion\u00e1rio em comiss\u00e3o\u201d.","dataAtualizacao":"2026-04-28 08:51:47","dataInicioVigencia":null,"dataFimVigencia":null,"data":"2026-03-03","numero":13745,"categoria":"Portaria","situacao":null,"descricao":""},{"ementa":"\u201cExonera funcion\u00e1rio em comiss\u00e3o\u201d.","dataAtualizacao":"2026-04-28 08:47:34","dataInicioVigencia":null,"dataFimVigencia":null,"data":"2026-03-02","numero":13744,"categoria":"Portaria","situacao":null,"descricao":""},{"ementa":"\u201cExonera funcion\u00e1rio em raz\u00e3o de aposentadoria Volunt\u00e1ria por idade e tempo de contribui\u00e7\u00e3o\u201d.","dataAtualizacao":"2026-04-28 08:43:49","dataInicioVigencia":null,"dataFimVigencia":null,"data":"2026-03-02","numero":13743,"categoria":"Portaria","situacao":null,"descricao":""},{"ementa":"\u201cExonera funcion\u00e1ria em raz\u00e3o de aposentadoria Volunt\u00e1ria por idade e tempo de contribui\u00e7\u00e3o\u201d.","dataAtualizacao":"2026-04-28 08:35:24","dataInicioVigencia":null,"dataFimVigencia":null,"data":"2026-03-02","numero":13742,"categoria":"Portaria","situacao":null,"descricao":""},{"ementa":"\u201cExonera funcion\u00e1ria em raz\u00e3o de aposentadoria Volunt\u00e1ria por idade e tempo de contribui\u00e7\u00e3o\u201d.","dataAtualizacao":"2026-04-28 08:31:17","dataInicioVigencia":null,"dataFimVigencia":null,"data":"2026-03-02","numero":13741,"categoria":"Portaria","situacao":null,"descricao":""},{"ementa":"\u201cExonera funcion\u00e1ria em raz\u00e3o de aposentadoria Volunt\u00e1ria por idade e tempo de contribui\u00e7\u00e3o\u201d.","dataAtualizacao":"2026-04-22 15:05:30","dataInicioVigencia":null,"dataFimVigencia":null,"data":"2026-03-02","numero":13740,"categoria":"Portaria","situacao":null,"descricao":""},{"ementa":"\u201cExonera funcion\u00e1ria em raz\u00e3o de aposentadoria Volunt\u00e1ria por tempo de contribui\u00e7\u00e3o\u201d.","dataAtualizacao":"2026-04-22 14:58:31","dataInicioVigencia":null,"dataFimVigencia":null,"data":"2026-03-02","numero":13739,"categoria":"Portaria","situacao":null,"descricao":""},{"ementa":"\u201cNomeia funcion\u00e1rio em Comiss\u00e3o.\u201d","dataAtualizacao":"2026-04-22 14:36:39","dataInicioVigencia":null,"dataFimVigencia":null,"data":"2026-03-02","numero":13738,"categoria":"Portaria","situacao":null,"descricao":""},{"ementa":"\u201cNomeia funcion\u00e1rio em Comiss\u00e3o.\u201d","dataAtualizacao":"2026-04-13 14:39:23","dataInicioVigencia":null,"dataFimVigencia":null,"data":"2026-03-02","numero":13737,"categoria":"Portaria","situacao":null,"descricao":""},{"ementa":"\u201cExonera funcion\u00e1rio a pedido\u201d.","dataAtualizacao":"2026-04-13 14:33:43","dataInicioVigencia":null,"dataFimVigencia":null,"data":"2026-03-02","numero":13736,"categoria":"Portaria","situacao":null,"descricao":""},{"ementa":"\u201cExonera funcion\u00e1rio em comiss\u00e3o\u201d.","dataAtualizacao":"2026-04-13 14:30:01","dataInicioVigencia":null,"dataFimVigencia":null,"data":"2026-02-27","numero":13735,"categoria":"Portaria","situacao":null,"descricao":""},{"ementa":"\u201cDesliga funcion\u00e1rio do quadro da Prefeitura Municipal de Salto de Pirapora em raz\u00e3o de \u00f3bito e d\u00e1 outras provid\u00eancias\u201d.","dataAtualizacao":"2026-04-13 14:22:21","dataInicioVigencia":null,"dataFimVigencia":null,"data":"2026-02-23","numero":13734,"categoria":"Portaria","situacao":null,"descricao":""},{"ementa":"\u201cALTERA OS DECRETOS 7273\/2025 E 6821\/2021 DO PROGRAMA UM SALTO NO TRABALHO, E D\u00c1 OUTRAS PROVID\u00caNCIAS\u201d.","dataAtualizacao":"2026-03-25 16:18:35","dataInicioVigencia":null,"dataFimVigencia":null,"data":"2026-02-20","numero":7343,"categoria":"Decreto","situacao":null,"descricao":""},{"ementa":"\u201cDetermina a instaura\u00e7\u00e3o de Processo Administrativo Disciplinar para apura\u00e7\u00e3o dos fatos envolvendo o servidor Rafael de Camargo Felix, nomeia comiss\u00e3o processante para apurar os fatos relatados e d\u00e1 outras provid\u00eancias.\u201d","dataAtualizacao":"2026-04-13 09:26:20","dataInicioVigencia":null,"dataFimVigencia":null,"data":"2026-02-19","numero":13733,"categoria":"Portaria","situacao":null,"descricao":""},{"ementa":"\u201cDesliga funcion\u00e1ria do quadro da Prefeitura Municipal de Salto de Pirapora em raz\u00e3o de \u00f3bito e d\u00e1 outras provid\u00eancias\u201d.","dataAtualizacao":"2026-04-08 10:03:37","dataInicioVigencia":null,"dataFimVigencia":null,"data":"2026-02-18","numero":13732,"categoria":"Portaria","situacao":null,"descricao":""},{"ementa":"\u201cDetermina a instaura\u00e7\u00e3o de Processo Administrativo Disciplinar para apura\u00e7\u00e3o dos fatos envolvendo o servidor Adilson de Jesus Camargo, nomeia comiss\u00e3o processante para apurar os fatos relatados e d\u00e1 outras provid\u00eancias.\u201d","dataAtualizacao":"2026-04-08 09:59:59","dataInicioVigencia":null,"dataFimVigencia":null,"data":"2026-02-18","numero":13731,"categoria":"Portaria","situacao":null,"descricao":""},{"ementa":"\u201cDetermina a instaura\u00e7\u00e3o de Processo Administrativo Disciplinar para apura\u00e7\u00e3o dos fatos envolvendo a servidora Alessandra Tamantine Almeida Augusto, nomeia comiss\u00e3o processante para apurar os fatos relatados e d\u00e1 outras provid\u00eancias.\u201d","dataAtualizacao":"2026-04-07 14:34:08","dataInicioVigencia":null,"dataFimVigencia":null,"data":"2026-02-18","numero":13730,"categoria":"Portaria","situacao":null,"descricao":""},{"ementa":"\u201cDisp\u00f5e sobre abertura de Cr\u00e9dito Adicional Suplementar, e d\u00e1 outras providencias\u201d.","dataAtualizacao":"2026-03-25 16:16:48","dataInicioVigencia":null,"dataFimVigencia":null,"data":"2026-02-13","numero":7342,"categoria":"Decreto","situacao":null,"descricao":""},{"ementa":"\u201cNomeia servidor em comiss\u00e3o\u201d.","dataAtualizacao":"2026-04-07 14:27:54","dataInicioVigencia":null,"dataFimVigencia":null,"data":"2026-02-12","numero":13729,"categoria":"Portaria","situacao":null,"descricao":""},{"ementa":"\u201cExonera funcion\u00e1rio em comiss\u00e3o\u201d.","dataAtualizacao":"2026-04-07 14:22:45","dataInicioVigencia":null,"dataFimVigencia":null,"data":"2026-02-12","numero":13728,"categoria":"Portaria","situacao":null,"descricao":""},{"ementa":"\u201cAutoriza a readapta\u00e7\u00e3o da funcion\u00e1ria Andressa Josceline Vertoles Pankow, que exerce o cargo de Professor de Educa\u00e7\u00e3o B\u00e1sica I\u201d.","dataAtualizacao":"2026-04-02 14:30:19","dataInicioVigencia":null,"dataFimVigencia":null,"data":"2026-02-11","numero":13727,"categoria":"Portaria","situacao":null,"descricao":""},{"ementa":"\u201cAutoriza a readapta\u00e7\u00e3o da funcion\u00e1ria Elaine Cristina Souza Moura de Oliveira que exerce o cargo efetivo de Servi\u00e7os Gerais\u201d.","dataAtualizacao":"2026-04-02 14:27:03","dataInicioVigencia":null,"dataFimVigencia":null,"data":"2026-02-11","numero":13726,"categoria":"Portaria","situacao":null,"descricao":""},{"ementa":"\u201cProrroga a readapta\u00e7\u00e3o do funcion\u00e1rio Alexandre de Jesus Rosa, que exerce o cargo efetivo de Coveiro\u201d.","dataAtualizacao":"2026-03-31 14:29:00","dataInicioVigencia":null,"dataFimVigencia":null,"data":"2026-02-11","numero":13725,"categoria":"Portaria","situacao":null,"descricao":""},{"ementa":"\u201cProrroga a readapta\u00e7\u00e3o da funcion\u00e1ria Sonia Maria Leite Ferraz, que exerce o cargo de Servi\u00e7os Gerais\u201d.","dataAtualizacao":"2026-03-31 14:21:19","dataInicioVigencia":null,"dataFimVigencia":null,"data":"2026-02-11","numero":13724,"categoria":"Portaria","situacao":null,"descricao":""},{"ementa":"\u201cProrroga a readapta\u00e7\u00e3o da funcion\u00e1ria Maria Silvana da Silva de Lima que exerce o cargo de Servi\u00e7os Gerais\u201d.","dataAtualizacao":"2026-03-27 16:04:31","dataInicioVigencia":null,"dataFimVigencia":null,"data":"2026-02-11","numero":13723,"categoria":"Portaria","situacao":null,"descricao":""},{"ementa":"\u201cProrroga a readapta\u00e7\u00e3o da funcion\u00e1ria Andreia Cerqueira Cesar Maranh\u00e3o que exerce o cargo de Merendeira\u201d.","dataAtualizacao":"2026-03-25 10:47:46","dataInicioVigencia":null,"dataFimVigencia":null,"data":"2026-02-11","numero":13722,"categoria":"Portaria","situacao":null,"descricao":""},{"ementa":"\u201cProrroga a readapta\u00e7\u00e3o da funcion\u00e1ria Katia Silene Pinto de Camargo que exerce o cargo de Servi\u00e7os Gerais\u201d.","dataAtualizacao":"2026-03-25 10:43:34","dataInicioVigencia":null,"dataFimVigencia":null,"data":"2026-02-11","numero":13721,"categoria":"Portaria","situacao":null,"descricao":""},{"ementa":"\u201cProrroga a readapta\u00e7\u00e3o da funcion\u00e1ria Charline Natercia Jorge que exerce o cargo de Servi\u00e7os Gerais\u201d.","dataAtualizacao":"2026-03-23 09:43:49","dataInicioVigencia":null,"dataFimVigencia":null,"data":"2026-02-11","numero":13720,"categoria":"Portaria","situacao":null,"descricao":""},{"ementa":"\u201cDisp\u00f5e sobre substitui\u00e7\u00e3o de funcion\u00e1rio, nos termos dos artigos 42 e seguintes, da Lei Complementar n\u00ba 20\/94, de 10 de novembro de 1994\u201d.","dataAtualizacao":"2026-03-23 09:40:41","dataInicioVigencia":null,"dataFimVigencia":null,"data":"2026-02-10","numero":13719,"categoria":"Portaria","situacao":null,"descricao":""},{"ementa":"\u201cDecide pela ABSOLVI\u00c7\u00c3O do servidor p\u00fablico ADILSON DE JESUS CAMARGO no Processo Administrativo Disciplinar n\u00ba 4080\/2024 instaurado pela Portaria n.\u00ba 13.195\/2024, em 03 de dezembro de 2024 e d\u00e1 outras provid\u00eancias.\u201d","dataAtualizacao":"2026-03-23 09:12:49","dataInicioVigencia":null,"dataFimVigencia":null,"data":"2026-02-09","numero":13718,"categoria":"Portaria","situacao":null,"descricao":""},{"ementa":"\u201cDetermina a instaura\u00e7\u00e3o de Processo Administrativo Disciplinar para apura\u00e7\u00e3o dos fatos envolvendo o servidor Marco Aur\u00e9lio Costa e nomeia comiss\u00e3o processante para apurar fatos relatados e d\u00e1 outras provid\u00eancias\u201d.","dataAtualizacao":"2026-03-23 09:06:06","dataInicioVigencia":null,"dataFimVigencia":null,"data":"2026-02-05","numero":13716,"categoria":"Portaria","situacao":null,"descricao":""},{"ementa":"\u201cDetermina a instaura\u00e7\u00e3o de Processo Administrativo Disciplinar para apura\u00e7\u00e3o dos fatos envolvendo o servidor Valter Dion\u00edzio Lourencetti e nomeia comiss\u00e3o processante para apurar fatos relatados e d\u00e1 outras provid\u00eancias\u201d.","dataAtualizacao":"2026-03-23 09:03:13","dataInicioVigencia":null,"dataFimVigencia":null,"data":"2026-02-05","numero":13715,"categoria":"Portaria","situacao":null,"descricao":""},{"ementa":"\u201cDetermina a instaura\u00e7\u00e3o de Processo Administrativo Disciplinar para apura\u00e7\u00e3o dos fatos envolvendo os servidores Claudio Antunes Machado e Washinigton Magno Santos Marins e nomeia comiss\u00e3o processante para apurar fatos relatados e d\u00e1 outras provid\u00eancias\u201d.","dataAtualizacao":"2026-03-23 08:58:43","dataInicioVigencia":null,"dataFimVigencia":null,"data":"2026-02-05","numero":13714,"categoria":"Portaria","situacao":null,"descricao":""},{"ementa":"\u201cDesigna ALINE DOMINGUES DO AMARAL GEREVINI, para exercer as atribui\u00e7\u00f5es da Fun\u00e7\u00e3o de DIRETOR DE EDUCA\u00c7\u00c3O BASICA, em car\u00e1ter tempor\u00e1rio\u201d.","dataAtualizacao":"2026-03-23 08:54:00","dataInicioVigencia":null,"dataFimVigencia":null,"data":"2026-02-04","numero":13713,"categoria":"Portaria","situacao":null,"descricao":""},{"ementa":"\u201cNomeia funcion\u00e1ria em Comiss\u00e3o.\u201d","dataAtualizacao":"2026-03-20 14:37:13","dataInicioVigencia":null,"dataFimVigencia":null,"data":"2026-02-04","numero":13712,"categoria":"Portaria","situacao":null,"descricao":""},{"ementa":"\u201cNomeia funcion\u00e1ria em Comiss\u00e3o.\u201d","dataAtualizacao":"2026-03-20 14:34:43","dataInicioVigencia":null,"dataFimVigencia":null,"data":"2026-02-04","numero":13711,"categoria":"Portaria","situacao":null,"descricao":""},{"ementa":"\u201cExonera funcion\u00e1ria em comiss\u00e3o\u201d.","dataAtualizacao":"2026-03-20 14:32:00","dataInicioVigencia":null,"dataFimVigencia":null,"data":"2026-02-03","numero":13710,"categoria":"Portaria","situacao":null,"descricao":""},{"ementa":"\u201cNomeia funcion\u00e1rio em Comiss\u00e3o.\u201d","dataAtualizacao":"2026-03-20 14:04:39","dataInicioVigencia":null,"dataFimVigencia":null,"data":"2026-02-03","numero":13709,"categoria":"Portaria","situacao":null,"descricao":""},{"ementa":"\u201cConcede afastamento sem remunera\u00e7\u00e3o\u201d.","dataAtualizacao":"2026-03-13 13:16:19","dataInicioVigencia":null,"dataFimVigencia":null,"data":"2026-02-03","numero":13708,"categoria":"Portaria","situacao":null,"descricao":""},{"ementa":"\u201cExonera funcion\u00e1rio em comiss\u00e3o\u201d.","dataAtualizacao":"2026-03-13 13:09:52","dataInicioVigencia":null,"dataFimVigencia":null,"data":"2026-02-02","numero":13707,"categoria":"Portaria","situacao":null,"descricao":""},{"ementa":"\u201cExonera funcion\u00e1ria em raz\u00e3o de aposentadoria Volunt\u00e1ria por idade e tempo de contribui\u00e7\u00e3o\u201d.","dataAtualizacao":"2026-03-13 13:05:43","dataInicioVigencia":null,"dataFimVigencia":null,"data":"2026-02-02","numero":13706,"categoria":"Portaria","situacao":null,"descricao":""},{"ementa":"\u201cExonera funcion\u00e1ria em raz\u00e3o de aposentadoria por idade\u201d.","dataAtualizacao":"2026-03-13 13:03:20","dataInicioVigencia":null,"dataFimVigencia":null,"data":"2026-02-02","numero":13705,"categoria":"Portaria","situacao":null,"descricao":""},{"ementa":"\u201cExonera funcion\u00e1ria em raz\u00e3o de aposentadoria Volunt\u00e1ria por idade e tempo de contribui\u00e7\u00e3o\u201d.","dataAtualizacao":"2026-03-11 10:54:28","dataInicioVigencia":null,"dataFimVigencia":null,"data":"2026-02-02","numero":13704,"categoria":"Portaria","situacao":null,"descricao":""},{"ementa":"\u201cExonera funcion\u00e1ria em raz\u00e3o de aposentadoria Volunt\u00e1ria por idade e tempo de contribui\u00e7\u00e3o\u201d.","dataAtualizacao":"2026-03-11 10:47:37","dataInicioVigencia":null,"dataFimVigencia":null,"data":"2026-02-02","numero":13703,"categoria":"Portaria","situacao":null,"descricao":""},{"ementa":"\u201cExonera funcion\u00e1ria em raz\u00e3o de aposentadoria Volunt\u00e1ria por idade e tempo de contribui\u00e7\u00e3o\u201d.","dataAtualizacao":"2026-03-09 14:32:43","dataInicioVigencia":null,"dataFimVigencia":null,"data":"2026-02-02","numero":13702,"categoria":"Portaria","situacao":null,"descricao":""},{"ementa":"\u201cConcede afastamento sem remunera\u00e7\u00e3o\u201d.","dataAtualizacao":"2026-03-09 14:29:46","dataInicioVigencia":null,"dataFimVigencia":null,"data":"2026-02-02","numero":13701,"categoria":"Portaria","situacao":null,"descricao":""},{"ementa":"\u201cConcede pens\u00e3o por morte e d\u00e1 outras provid\u00eancias\u201d.","dataAtualizacao":"2026-03-09 14:25:52","dataInicioVigencia":null,"dataFimVigencia":null,"data":"2026-01-30","numero":13700,"categoria":"Portaria","situacao":null,"descricao":""},{"ementa":"\u201cDesigna MARCELA BARRETO, para exercer as atribui\u00e7\u00f5es da Fun\u00e7\u00e3o de DIRETOR DE EDUCA\u00c7\u00c3O BASICA, em car\u00e1ter tempor\u00e1rio\u201d.","dataAtualizacao":"2026-03-03 14:54:20","dataInicioVigencia":null,"dataFimVigencia":null,"data":"2026-01-30","numero":13699,"categoria":"Portaria","situacao":null,"descricao":""},{"ementa":"\u201cNomeia funcion\u00e1rio em Comiss\u00e3o.\u201d","dataAtualizacao":"2026-03-03 14:50:34","dataInicioVigencia":null,"dataFimVigencia":null,"data":"2026-01-30","numero":13698,"categoria":"Portaria","situacao":null,"descricao":""},{"ementa":"\u201cNomeia funcion\u00e1rio em Comiss\u00e3o.\u201d","dataAtualizacao":"2026-03-03 14:47:27","dataInicioVigencia":null,"dataFimVigencia":null,"data":"2026-01-30","numero":13697,"categoria":"Portaria","situacao":null,"descricao":""},{"ementa":"\u201cExonera funcion\u00e1rio em comiss\u00e3o\u201d.","dataAtualizacao":"2026-03-03 14:44:41","dataInicioVigencia":null,"dataFimVigencia":null,"data":"2026-01-29","numero":13696,"categoria":"Portaria","situacao":null,"descricao":""},{"ementa":"\u201cExonera funcion\u00e1rio em comiss\u00e3o\u201d.","dataAtualizacao":"2026-02-27 14:49:46","dataInicioVigencia":null,"dataFimVigencia":null,"data":"2026-01-29","numero":13695,"categoria":"Portaria","situacao":null,"descricao":""},{"ementa":"\u201cDetermina o arquivamento do Processo Administrativo Disciplinar 2682\/2025, e d\u00e1 outras provid\u00eancias.\u201d","dataAtualizacao":"2026-02-27 14:46:46","dataInicioVigencia":null,"dataFimVigencia":null,"data":"2026-01-28","numero":13694,"categoria":"Portaria","situacao":null,"descricao":""},{"ementa":"\u201cDISP\u00d5E SOBRE PONTO FACULTATIVO, EXPEDIENTE DOS SERVIDORES P\u00daBLICOS MUNICIPAIS, E FUNCIONAMENTO DOS SERVI\u00c7OS P\u00daBLICOS ESSENCIAIS DE SALTO DE PIRAPORA, REGIME DE PLANT\u00d5ES NA ADMINISTRA\u00c7\u00c3O MUNICIPAL NOS DIAS QUE ESPECIFICA E, D\u00c1 OUTRAS PROVID\u00caNCIAS\u201d.","dataAtualizacao":"2026-02-13 10:03:32","dataInicioVigencia":null,"dataFimVigencia":null,"data":"2026-01-27","numero":7340,"categoria":"Decreto","situacao":null,"descricao":""},{"ementa":"\u201cDisp\u00f5e sobre substitui\u00e7\u00e3o de funcion\u00e1rio, nos termos dos artigos 42 e seguintes, da Lei Complementar n\u00ba 20\/94, de 10 de novembro de 1994\u201d.","dataAtualizacao":"2026-02-27 14:42:21","dataInicioVigencia":null,"dataFimVigencia":null,"data":"2026-01-23","numero":13693,"categoria":"Portaria","situacao":null,"descricao":""},{"ementa":"\u201cExonera funcion\u00e1rio a pedido\u201d.","dataAtualizacao":"2026-02-27 14:39:08","dataInicioVigencia":null,"dataFimVigencia":null,"data":"2026-01-23","numero":13692,"categoria":"Portaria","situacao":null,"descricao":""},{"ementa":"\u201cDetermina a prorroga\u00e7\u00e3o do prazo do Processo Administrativo Disciplinar 2150\/2025 por 60 (sessenta) dias para apura\u00e7\u00e3o dos fatos citados e d\u00e1 outras provid\u00eancias\u201d.","dataAtualizacao":"2026-02-27 14:35:26","dataInicioVigencia":null,"dataFimVigencia":null,"data":"2026-01-22","numero":13691,"categoria":"Portaria","situacao":null,"descricao":""},{"ementa":"\u201cNomeia funcion\u00e1rio em Comiss\u00e3o.\u201d","dataAtualizacao":"2026-02-24 11:06:32","dataInicioVigencia":null,"dataFimVigencia":null,"data":"2026-01-21","numero":13690,"categoria":"Portaria","situacao":null,"descricao":" \u201cNomeia funcion\u00e1rio em Comiss\u00e3o.\u201d"},{"ementa":"\u201cDisp\u00f5e sobre substitui\u00e7\u00e3o de funcion\u00e1rio, nos termos dos artigos 42 e seguintes, da Lei Complementar n\u00ba 20\/94, de 10 de novembro de 1994\u201d.","dataAtualizacao":"2026-02-24 10:46:25","dataInicioVigencia":null,"dataFimVigencia":null,"data":"2026-01-20","numero":113688,"categoria":"Portaria","situacao":null,"descricao":""},{"ementa":"\u201cConcede afastamento sem remunera\u00e7\u00e3o\u201d.","dataAtualizacao":"2026-02-24 10:51:57","dataInicioVigencia":null,"dataFimVigencia":null,"data":"2026-01-20","numero":13689,"categoria":"Portaria","situacao":null,"descricao":""},{"ementa":"\u201cDetermina a REVOGA\u00c7\u00c3O da Portaria 13.344\/2025 de 01 de abril de 2025 e d\u00e1 outras provid\u00eancias.\u201d","dataAtualizacao":"2026-02-24 10:37:57","dataInicioVigencia":null,"dataFimVigencia":null,"data":"2026-01-19","numero":13687,"categoria":"Portaria","situacao":null,"descricao":""},{"ementa":"\u201cExonera funcion\u00e1rio em comiss\u00e3o\u201d.","dataAtualizacao":"2026-02-18 13:48:23","dataInicioVigencia":null,"dataFimVigencia":null,"data":"2026-01-15","numero":13686,"categoria":"Portaria","situacao":null,"descricao":""},{"ementa":"\u201cDISP\u00d5E SOBRE A HABILITA\u00c7\u00c3O DE ESTABELECIMENTO DE SA\u00daDE MUNICIPAL NO \u00c2MBITO DO PROGRAMA MAIS ACESSO A ESPECIALISTAS \u2013 PMAE NO MUNIC\u00cdPIO DE SALTO DE PIRAPORA E D\u00c1 OUTRAS PROVID\u00caNCIAS\u201d.","dataAtualizacao":"2026-02-13 10:01:44","dataInicioVigencia":null,"dataFimVigencia":null,"data":"2026-01-15","numero":7339,"categoria":"Decreto","situacao":null,"descricao":""},{"ementa":"\u201cProrrogar a Readapta\u00e7\u00e3o do funcion\u00e1rio Marcus Vin\u00edcius Frozoni Curi, que exerce o cargo efetivo de Recepcionista\u201d.","dataAtualizacao":"2026-02-18 13:44:59","dataInicioVigencia":null,"dataFimVigencia":null,"data":"2026-01-14","numero":13685,"categoria":"Portaria","situacao":null,"descricao":""},{"ementa":"\u201cAutoriza a readapta\u00e7\u00e3o do funcion\u00e1rio J\u00falio Cesar da Cruz, que exerce o cargo efetivo de Coletor de Lixo\u201d.","dataAtualizacao":"2026-02-18 13:43:00","dataInicioVigencia":null,"dataFimVigencia":null,"data":"2026-01-14","numero":13684,"categoria":"Portaria","situacao":null,"descricao":""},{"ementa":"\u201cProrroga a readapta\u00e7\u00e3o da funcion\u00e1ria Maria Jos\u00e9 Amaral Galv\u00e3o Pires, que exerce o cargo de servi\u00e7os gerais\u201d.","dataAtualizacao":"2026-02-10 09:09:49","dataInicioVigencia":null,"dataFimVigencia":null,"data":"2026-01-14","numero":13683,"categoria":"Portaria","situacao":null,"descricao":""},{"ementa":"\u201cProrroga a readapta\u00e7\u00e3o da funcion\u00e1ria Solange Rodrigues Nascimento, que exerce o cargo de Servi\u00e7os Gerais\u201d.","dataAtualizacao":"2026-02-05 10:11:08","dataInicioVigencia":null,"dataFimVigencia":null,"data":"2026-01-14","numero":13682,"categoria":"Portaria","situacao":null,"descricao":""},{"ementa":"\u201cInterrompe afastamento sem remunera\u00e7\u00e3o\u201d.","dataAtualizacao":"2026-01-27 08:05:50","dataInicioVigencia":null,"dataFimVigencia":null,"data":"2026-01-12","numero":13681,"categoria":"Portaria","situacao":null,"descricao":""},{"ementa":"\u201cALTERA SOBRE A COMPOSI\u00c7\u00c3O DO CONSELHO MUNICIPAL DE ALIMENTA\u00c7\u00c3O ESCOLAR - CAE DO MUNIC\u00cdPIO DE SALTO DE PIRAPORA E D\u00c1 OUTRAS PROVID\u00caNCIAS\u201d.","dataAtualizacao":"2026-01-27 08:02:48","dataInicioVigencia":null,"dataFimVigencia":null,"data":"2026-01-12","numero":13680,"categoria":"Portaria","situacao":null,"descricao":""},{"ementa":"\u201cExonera funcion\u00e1ria a pedido\u201d.","dataAtualizacao":"2026-03-23 09:09:23","dataInicioVigencia":null,"dataFimVigencia":null,"data":"2026-01-09","numero":13717,"categoria":"Portaria","situacao":null,"descricao":""},{"ementa":"\u201cDesigna servidor em Fun\u00e7\u00e3o Gratificada.\u201d","dataAtualizacao":"2026-01-19 10:34:06","dataInicioVigencia":null,"dataFimVigencia":null,"data":"2026-01-08","numero":13679,"categoria":"Portaria","situacao":null,"descricao":""},{"ementa":"\u201cDesigna servidor em Fun\u00e7\u00e3o Gratificada.\u201d","dataAtualizacao":"2026-01-13 14:26:25","dataInicioVigencia":null,"dataFimVigencia":null,"data":"2026-01-08","numero":13676,"categoria":"Portaria","situacao":null,"descricao":""},{"ementa":"\u201cExonera funcion\u00e1ria a pedido\u201d.","dataAtualizacao":"2026-01-13 14:16:01","dataInicioVigencia":null,"dataFimVigencia":null,"data":"2026-01-07","numero":13678,"categoria":"Portaria","situacao":null,"descricao":""},{"ementa":"\u201cInterrompe afastamento sem remunera\u00e7\u00e3o\u201d.","dataAtualizacao":"2026-01-13 14:11:39","dataInicioVigencia":null,"dataFimVigencia":null,"data":"2026-01-07","numero":13677,"categoria":"Portaria","situacao":null,"descricao":""},{"ementa":"\u201cDisp\u00f5e sobre os aportes financeiros \u00e0 Funda\u00e7\u00e3o P\u00fablica da Previd\u00eancia dos Funcion\u00e1rios P\u00fablicos Municipais de Salto de Pirapora para cobertura do d\u00e9ficit atuarial e d\u00e1 outras provid\u00eancias.\u201d","dataAtualizacao":"2026-02-13 09:58:58","dataInicioVigencia":null,"dataFimVigencia":null,"data":"2026-01-06","numero":7338,"categoria":"Decreto","situacao":null,"descricao":""},{"ementa":"\u201cDisp\u00f5e sobre abertura de cr\u00e9dito adicional suplementar, e d\u00e1 outras providencias.\u201d","dataAtualizacao":"2026-02-13 09:16:22","dataInicioVigencia":null,"dataFimVigencia":null,"data":"2025-12-26","numero":7335,"categoria":"Decreto","situacao":null,"descricao":""},{"ementa":"\u201cDisp\u00f5e sobre abertura de cr\u00e9dito adicional suplementar, e d\u00e1 outras providencias.\u201d","dataAtualizacao":"2026-02-13 09:14:19","dataInicioVigencia":null,"dataFimVigencia":null,"data":"2025-12-26","numero":7334,"categoria":"Decreto","situacao":null,"descricao":""},{"ementa":"\u201cEstabelece o valor da Unidade Fiscal Municipal UFM para o exerc\u00edcio de 2026, e d\u00e1 outras provid\u00eancias\u201d.","dataAtualizacao":"2026-02-13 09:12:13","dataInicioVigencia":null,"dataFimVigencia":null,"data":"2025-12-24","numero":7333,"categoria":"Decreto","situacao":null,"descricao":""},{"ementa":"\u201cAltera a Portaria 13.296, de 14 de fevereiro de 2025, substituindo membra da comiss\u00e3o, e d\u00e1 outras provid\u00eancias.\u201d","dataAtualizacao":"2026-01-06 09:14:40","dataInicioVigencia":null,"dataFimVigencia":null,"data":"2025-12-23","numero":13676,"categoria":"Portaria","situacao":null,"descricao":""},{"ementa":"\u201cAplica a pena de Suspens\u00e3o \u00e0 funcion\u00e1ria SANDRA REGINA VIEIRA DE PAULA, em decis\u00e3o prolatada no Processo Administrativo Disciplinar n\u00ba 1482\/2025 instaurado pela Portaria n.\u00ba 13.490\/2025, e d\u00e1 outras provid\u00eancias.\u201d","dataAtualizacao":"2026-01-06 09:11:49","dataInicioVigencia":null,"dataFimVigencia":null,"data":"2025-12-19","numero":13675,"categoria":"Portaria","situacao":null,"descricao":""},{"ementa":"\u201cDetermina a prorroga\u00e7\u00e3o do prazo do Processo Administrativo Disciplinar 1482\/2025 por 60 (sessenta) dias para apura\u00e7\u00e3o dos fatos citados e d\u00e1 outras provid\u00eancias.","dataAtualizacao":"2026-01-05 11:11:52","dataInicioVigencia":null,"dataFimVigencia":null,"data":"2025-12-17","numero":13674,"categoria":"Portaria","situacao":null,"descricao":""},{"ementa":"\u201cDISP\u00d5E SOBRE A HABILITA\u00c7\u00c3O DE ESTABELECIMENTO DE SA\u00daDE MUNICIPAL NO \u00c2MBITO DO PROGRAMA MAIS ACESSO A ESPECIALISTAS \u2013 PMAE NO MUNIC\u00cdPIO DE SALTO DE PIRAPORA E D\u00c1 OUTRAS PROVID\u00caNCIAS.\u201d","dataAtualizacao":"2026-02-13 09:09:32","dataInicioVigencia":null,"dataFimVigencia":null,"data":"2025-12-17","numero":7331,"categoria":"Decreto","situacao":null,"descricao":""},{"ementa":"\u201cExonera funcion\u00e1rio em comiss\u00e3o\u201d.","dataAtualizacao":"2026-01-05 11:09:19","dataInicioVigencia":null,"dataFimVigencia":null,"data":"2025-12-16","numero":13673,"categoria":"Portaria","situacao":null,"descricao":""},{"ementa":"\u201cAUTORIZA A PRORROGA\u00c7\u00c3O DA CONTRATA\u00c7\u00c3O TEMPOR\u00c1RIA DE SERVIDOR CLASSIFICADO NO PROCESSO SELETIVO PARA CONTRATA\u00c7\u00c3O TEMPOR\u00c1RIA DE PROFISSIONAIS PARA PRESTA\u00c7\u00c3O DE SERVI\u00c7OS EMERGENCIAIS, NOS TERMOS QUE ESPECIFICA.\u201d","dataAtualizacao":"2026-01-05 11:05:33","dataInicioVigencia":null,"dataFimVigencia":null,"data":"2025-12-16","numero":13672,"categoria":"Portaria","situacao":null,"descricao":""},{"ementa":"\u201cDetermina a REVOGA\u00c7\u00c3O da Portaria 13.658\/2025 de 26 de novembro de 2025 e d\u00e1 outras provid\u00eancias.\u201d","dataAtualizacao":"2026-01-05 10:52:11","dataInicioVigencia":null,"dataFimVigencia":null,"data":"2025-12-08","numero":13671,"categoria":"Portaria","situacao":null,"descricao":""},{"ementa":"\u201cDetermina a suspens\u00e3o e arquivamento do Processo Administrativo Disciplinar e d\u00e1 outras provid\u00eancias.\u201d","dataAtualizacao":"2026-01-05 10:48:00","dataInicioVigencia":null,"dataFimVigencia":null,"data":"2025-12-03","numero":13670,"categoria":"Portaria","situacao":null,"descricao":""},{"ementa":"\u201cDetermina a suspens\u00e3o e arquivamento do Processo Administrativo Disciplinar e d\u00e1 outras provid\u00eancias\u201d.","dataAtualizacao":"2026-01-05 10:45:10","dataInicioVigencia":null,"dataFimVigencia":null,"data":"2025-12-03","numero":13669,"categoria":"Portaria","situacao":null,"descricao":""},{"ementa":"\u201cDetermina a suspens\u00e3o e arquivamento do Processo Administrativo Disciplinar e d\u00e1 outras provid\u00eancias\u201d.","dataAtualizacao":"2026-01-05 10:42:43","dataInicioVigencia":null,"dataFimVigencia":null,"data":"2025-12-03","numero":13668,"categoria":"Portaria","situacao":null,"descricao":""},{"ementa":"\u201cInterrompe afastamento sem remunera\u00e7\u00e3o\u201d.","dataAtualizacao":"2026-01-05 10:38:34","dataInicioVigencia":null,"dataFimVigencia":null,"data":"2025-12-01","numero":13667,"categoria":"Portaria","situacao":null,"descricao":""}]}